{"id":1536,"date":"2022-10-16T08:01:48","date_gmt":"2022-10-16T06:01:48","guid":{"rendered":"https:\/\/www.blau-weiss-ochtendung.de\/?p=1536"},"modified":"2023-03-07T21:06:59","modified_gmt":"2023-03-07T20:06:59","slug":"nachruf-2","status":"publish","type":"post","link":"https:\/\/www.blau-weiss-ochtendung.de\/index.php\/2022\/10\/16\/nachruf-2\/","title":{"rendered":"Nachruf"},"content":{"rendered":"\n<figure class=\"wp-block-table\"><table><tbody><tr><td><\/td><\/tr><\/tbody><\/table><\/figure>\n\n\n\n<figure class=\"wp-block-image size-full\"><a href=\"https:\/\/www.blau-weiss-ochtendung.de\/wp-content\/uploads\/2023\/03\/Nachrufjuergen.jpg\"><img loading=\"lazy\" decoding=\"async\" width=\"594\" height=\"780\" src=\"https:\/\/www.blau-weiss-ochtendung.de\/wp-content\/uploads\/2023\/03\/Nachrufjuergen.jpg\" alt=\"\" class=\"wp-image-1567\" srcset=\"https:\/\/www.blau-weiss-ochtendung.de\/wp-content\/uploads\/2023\/03\/Nachrufjuergen.jpg 594w, https:\/\/www.blau-weiss-ochtendung.de\/wp-content\/uploads\/2023\/03\/Nachrufjuergen-228x300.jpg 228w\" sizes=\"auto, (max-width: 594px) 100vw, 594px\" \/><\/a><\/figure>\n\n\n\n<div class=\"wp-block-columns is-layout-flex wp-container-core-columns-is-layout-8f761849 wp-block-columns-is-layout-flex\">\n<div class=\"wp-block-column is-layout-flow wp-block-column-is-layout-flow\" style=\"flex-basis:100%\">\n<h2 class=\"wp-block-heading\">Trauern werden wir noch lange um Dich.<\/h2>\n\n\n\n<h2 class=\"wp-block-heading\">Vermissen werden wir Dich immer.<\/h2>\n\n\n\n<h2 class=\"wp-block-heading\">Erinnern werden wir uns oft an Dich.<\/h2>\n\n\n\n<h2 class=\"wp-block-heading\">Vergessen werden wir Dich nie.<\/h2>\n<\/div>\n<\/div>\n\n\n\n<p class=\"has-text-align-center has-large-font-size wp-block-paragraph\"><strong>Nachruf<\/strong><\/p>\n\n\n\n<p class=\"wp-block-paragraph\"><strong>Tief ersch\u00fcttert m\u00fcssen wir viel zu fr\u00fch Abschied nehmen von unserem Vereinsmitglied<\/strong><\/p>\n\n\n\n<p class=\"has-text-align-center wp-block-paragraph\"><strong>J\u00fcrgen Otten<\/strong><\/p>\n\n\n\n<p class=\"wp-block-paragraph\"><strong>der am 09.10.2022 im Alter von 59 Jahren verstorben ist. Wir verlieren mit Ihm einen gro\u00dfartigen, wunderbaren und guten Freund. Wir werden Dich sehr vermissen und gedenken seiner in Ehren und Dankbarkeit.<\/strong><\/p>\n\n\n\n<p class=\"wp-block-paragraph\"><strong>Seiner Familie gilt unser tiefes Mitgef\u00fchl.<\/strong><\/p>\n\n\n\n<p class=\"wp-block-paragraph\"><strong>Musikverein Blau-Weiss-Ochtendung e.V.<\/strong><\/p>\n\n\n\n<p class=\"has-text-align-center wp-block-paragraph\"><strong>\u201eJ\u00fcrgen, wir vermissen Dich so sehr !\u201c<\/strong><\/p>\n","protected":false},"excerpt":{"rendered":"<p>Trauern werden wir noch lange um Dich. Vermissen werden wir Dich immer. Erinnern werden wir uns oft an Dich. Vergessen werden wir Dich nie. Nachruf Tief ersch\u00fcttert m\u00fcssen wir viel zu fr\u00fch Abschied nehmen von unserem Vereinsmitglied J\u00fcrgen Otten der &hellip; <a href=\"https:\/\/www.blau-weiss-ochtendung.de\/index.php\/2022\/10\/16\/nachruf-2\/\">Weiterlesen <span class=\"meta-nav\">&rarr;<\/span><\/a><\/p>\n","protected":false},"author":2,"featured_media":0,"comment_status":"closed","ping_status":"open","sticky":false,"template":"","format":"standard","meta":{"_jetpack_newsletter_access":"","_jetpack_dont_email_post_to_subs":false,"_jetpack_newsletter_tier_id":0,"_jetpack_memberships_contains_paywalled_content":false,"_jetpack_feature_clip_id":0,"_jetpack_memberships_contains_paid_content":false,"footnotes":"","jetpack_post_was_ever_published":false},"categories":[1],"tags":[],"class_list":["post-1536","post","type-post","status-publish","format-standard","hentry","category-veranstaltungen"],"jetpack_sharing_enabled":true,"jetpack_featured_media_url":"","_links":{"self":[{"href":"https:\/\/www.blau-weiss-ochtendung.de\/index.php\/wp-json\/wp\/v2\/posts\/1536","targetHints":{"allow":["GET"]}}],"collection":[{"href":"https:\/\/www.blau-weiss-ochtendung.de\/index.php\/wp-json\/wp\/v2\/posts"}],"about":[{"href":"https:\/\/www.blau-weiss-ochtendung.de\/index.php\/wp-json\/wp\/v2\/types\/post"}],"author":[{"embeddable":true,"href":"https:\/\/www.blau-weiss-ochtendung.de\/index.php\/wp-json\/wp\/v2\/users\/2"}],"replies":[{"embeddable":true,"href":"https:\/\/www.blau-weiss-ochtendung.de\/index.php\/wp-json\/wp\/v2\/comments?post=1536"}],"version-history":[{"count":6,"href":"https:\/\/www.blau-weiss-ochtendung.de\/index.php\/wp-json\/wp\/v2\/posts\/1536\/revisions"}],"predecessor-version":[{"id":1568,"href":"https:\/\/www.blau-weiss-ochtendung.de\/index.php\/wp-json\/wp\/v2\/posts\/1536\/revisions\/1568"}],"wp:attachment":[{"href":"https:\/\/www.blau-weiss-ochtendung.de\/index.php\/wp-json\/wp\/v2\/media?parent=1536"}],"wp:term":[{"taxonomy":"category","embeddable":true,"href":"https:\/\/www.blau-weiss-ochtendung.de\/index.php\/wp-json\/wp\/v2\/categories?post=1536"},{"taxonomy":"post_tag","embeddable":true,"href":"https:\/\/www.blau-weiss-ochtendung.de\/index.php\/wp-json\/wp\/v2\/tags?post=1536"}],"curies":[{"name":"wp","href":"https:\/\/api.w.org\/{rel}","templated":true}]}}